{"id":951,"date":"2016-06-25T10:58:51","date_gmt":"2016-06-25T10:58:51","guid":{"rendered":"https:\/\/berliner-kellerrunde.de\/?p=951"},"modified":"2019-08-13T14:18:25","modified_gmt":"2019-08-13T14:18:25","slug":"fahrt-nach-thueringen","status":"publish","type":"post","link":"https:\/\/berliner-kellerrunde.de\/?p=951","title":{"rendered":"Fahrt nach Th\u00fcringen"},"content":{"rendered":"\n\t\t\t\t<a href=\"https:\/\/berliner-kellerrunde.de\/wp-content\/uploads\/P1060868_Besichtigung-der-Staatskanzlei_w2T-1.jpg\" target=\"_self\" itemprop=\"url\" rel=\"noopener noreferrer\">\n\t\t\t\t<img loading=\"lazy\" decoding=\"async\" src=\"https:\/\/berliner-kellerrunde.de\/wp-content\/uploads\/P1060868_Besichtigung-der-Staatskanzlei_w2T-1.jpg\" alt=\"Besichtigung der Staatskanzlei\" itemprop=\"image\" height=\"1500\" width=\"2000\" title=\"Fahrt nach Th\u00fcringen\" onerror=\"this.style.display='none'\"  \/>\n\t\t\t\t<\/a>\n\t\tBesichtigung der Staatskanzlei\n\t<p>Liebe Freunde der Kellerunde,<\/p>\n<p>die Fahrt nach Th\u00fcringen werden wir so schnell nicht vergessen, die Besichtigung des Augustiner Klosters, des Bergwerks \u201eGl\u00fcckauf\u201c und des Schlosses in Sondershausen, den Empfang in der Staatskanzlei, sowie den freundlichen Empfang in der Hufeland Klinik. Das alles verdanken wir unserem Kellerfreund Dieter Gro\u00dfklaus, auch die gem\u00fctlichen Abende und die gute Stimmung w\u00e4hrend der ganzen Fahrt.<\/p>\n\t<p>In K\u00fcrze beginnt die Flussfahrt auf Rhein und Mosel. Die Teilnehmer treffen sich am 18. Juli um 8 Uhr 45 in der Lounge im Hauptbahnhof zu einem gemeinsamen Fr\u00fchst\u00fcck.\u00a0 Hier erhalten sie auch ihre Bahnfahrkarte. Danach geht es per Bahn nach D\u00fcsseldorf, wo uns unser Kellerfreund Werner K\u00fcsters erwartet und uns zu seinem Gartencenter in Neuss zu einem geselligen Abend entf\u00fchrt.<\/p>\n<p>Gest\u00e4rkt geht es am n\u00e4chsten Tag per Schiff auf Rhein und Mosel nach Luxemburg. Unterbrochen wird die Fahrt in Schweich. Dort werden wir von unserem Winzer Franz Peter Schmitz erwartet, der uns zu seinem Weinkeller in Riol entf\u00fchrt.<\/p>\n<p>Inzwischen nimmt die Fahrt nach Kosovo Gestalt an. Das Programm, leicht ver\u00e4ndert, ist dem Schreiben beigef\u00fcgt. 16 Kellerfreunde haben sich angemeldet, der Unkostenbeitrag betr\u00e4gt 480 EUR. Weitere Anmeldungen k\u00f6nnen nur bis zum 30. Juni 16\u00a0\u00a0 entgegengenommen werden.<\/p>\n<p>Am 27. August findet im Rathaus Treptow die Verleihung der Wilhelm Naulin Plakette statt. F\u00fcr die Freunde, die an der Verleihung nicht teilnehmen, wird ein Kontrastprogramm erstellt. Hier\u00fcber wird noch berichtet.<\/p>\n<p>Es gr\u00fc\u00dft sehr herzlich,<\/p>\n<p>Gerhard Naulin<\/p>\n","protected":false},"excerpt":{"rendered":"<p>Besichtigung der Staatskanzlei Liebe Freunde der Kellerunde, die Fahrt nach Th\u00fcringen werden wir so schnell nicht vergessen, die Besichtigung des Augustiner Klosters, des Bergwerks \u201eGl\u00fcckauf\u201c und des Schlosses in Sondershausen, den Empfang in der Staatskanzlei, sowie den freundlichen Empfang in der Hufeland Klinik. Das alles verdanken wir unserem Kellerfreund Dieter Gro\u00dfklaus, auch die gem\u00fctlichen Abende&hellip;<\/p>\n","protected":false},"author":2,"featured_media":953,"comment_status":"closed","ping_status":"closed","sticky":false,"template":"","format":"standard","meta":{"inline_featured_image":false,"footnotes":""},"categories":[12],"tags":[],"_links":{"self":[{"href":"https:\/\/berliner-kellerrunde.de\/index.php?rest_route=\/wp\/v2\/posts\/951"}],"collection":[{"href":"https:\/\/berliner-kellerrunde.de\/index.php?rest_route=\/wp\/v2\/posts"}],"about":[{"href":"https:\/\/berliner-kellerrunde.de\/index.php?rest_route=\/wp\/v2\/types\/post"}],"author":[{"embeddable":true,"href":"https:\/\/berliner-kellerrunde.de\/index.php?rest_route=\/wp\/v2\/users\/2"}],"replies":[{"embeddable":true,"href":"https:\/\/berliner-kellerrunde.de\/index.php?rest_route=%2Fwp%2Fv2%2Fcomments&post=951"}],"version-history":[{"count":3,"href":"https:\/\/berliner-kellerrunde.de\/index.php?rest_route=\/wp\/v2\/posts\/951\/revisions"}],"predecessor-version":[{"id":955,"href":"https:\/\/berliner-kellerrunde.de\/index.php?rest_route=\/wp\/v2\/posts\/951\/revisions\/955"}],"wp:featuredmedia":[{"embeddable":true,"href":"https:\/\/berliner-kellerrunde.de\/index.php?rest_route=\/wp\/v2\/media\/953"}],"wp:attachment":[{"href":"https:\/\/berliner-kellerrunde.de\/index.php?rest_route=%2Fwp%2Fv2%2Fmedia&parent=951"}],"wp:term":[{"taxonomy":"category","embeddable":true,"href":"https:\/\/berliner-kellerrunde.de\/index.php?rest_route=%2Fwp%2Fv2%2Fcategories&post=951"},{"taxonomy":"post_tag","embeddable":true,"href":"https:\/\/berliner-kellerrunde.de\/index.php?rest_route=%2Fwp%2Fv2%2Ftags&post=951"}],"curies":[{"name":"wp","href":"https:\/\/api.w.org\/{rel}","templated":true}]}}