{"id":734,"date":"2014-04-11T12:15:38","date_gmt":"2014-04-11T12:15:38","guid":{"rendered":"https:\/\/berliner-kellerrunde.de\/?p=734"},"modified":"2019-08-30T10:14:17","modified_gmt":"2019-08-30T10:14:17","slug":"thueringen-kreis-ustrud-hainich","status":"publish","type":"post","link":"https:\/\/berliner-kellerrunde.de\/?p=734","title":{"rendered":"Th\u00fcringen\/ Kreis Ustrud-Hainich"},"content":{"rendered":"\n<img loading=\"lazy\" decoding=\"async\" src=\"https:\/\/berliner-kellerrunde.de\/wp-content\/uploads\/Th201401_3.jpg\" alt=\"Landrat Zenker begr\u00fc\u00dft Prof. Dr. Gro\u00dfklaus. Leiter der Kellerrunde\" itemprop=\"image\" title=\"Th\u00fcringen\/ Kreis Ustrud-Hainich\" onerror=\"this.style.display='none'\" width=\"267\" height=\"208\">\n\t<p><em>Landrat Zenker begr\u00fc\u00dft Prof. Dr. Gro\u00dfklaus, Leiter der Kellerrunde<\/em><\/p>\n\t\t\t\t<img loading=\"lazy\" decoding=\"async\" src=\"https:\/\/berliner-kellerrunde.de\/wp-content\/uploads\/Th201401_2.jpg\" alt=\"Fahrt mit der Tsch-Tschu-Bahn durch den UNESCO Nationalpark Hainich\" itemprop=\"image\" title=\"Th\u00fcringen\/ Kreis Ustrud-Hainich\" onerror=\"this.style.display='none'\" width=\"289\" height=\"215\">\n\t\t\t\t<img loading=\"lazy\" decoding=\"async\" src=\"https:\/\/berliner-kellerrunde.de\/wp-content\/uploads\/Th201401_1.jpg\" alt=\"Landrat Zenker im Gespr\u00e4ch \u00fcber die Wirtschaftliche Situation seines Kreises\" itemprop=\"image\" title=\"Th\u00fcringen\/ Kreis Ustrud-Hainich\" onerror=\"this.style.display='none'\" width=\"241\" height=\"181\">\n\t<p><em>Landrat Zenker im Gespr\u00e4ch \u00fcber die Wirtschaftliche Situation seines Kreises<\/em><\/p>\n\t\t\t\t<img loading=\"lazy\" decoding=\"async\" src=\"https:\/\/berliner-kellerrunde.de\/wp-content\/uploads\/Th201401_4.jpg\" alt=\"Th201401_4\" itemprop=\"image\" title=\"Th\u00fcringen\/ Kreis Ustrud-Hainich\" onerror=\"this.style.display='none'\" width=\"317\" height=\"237\">\n\t\t\t\t<img loading=\"lazy\" decoding=\"async\" src=\"https:\/\/berliner-kellerrunde.de\/wp-content\/uploads\/Th201401_5.jpg\" alt=\"Fahrt mit der Tsch-Tschu-Bahn durch den UNESCO Nationalpark Hainich\" itemprop=\"image\" title=\"Th\u00fcringen\/ Kreis Ustrud-Hainich\" onerror=\"this.style.display='none'\" width=\"318\" height=\"240\">\n\t<p><em>Fahrt mit der Tsch-Tschu-Bahn durch den UNESCO Nationalpark Hainich<\/em><\/p>\n","protected":false},"excerpt":{"rendered":"<p>Landrat Zenker begr\u00fc\u00dft Prof. Dr. Gro\u00dfklaus, Leiter der Kellerrunde Landrat Zenker im Gespr\u00e4ch \u00fcber die Wirtschaftliche Situation seines Kreises Fahrt mit der Tsch-Tschu-Bahn durch den UNESCO Nationalpark Hainich<\/p>\n","protected":false},"author":2,"featured_media":1038,"comment_status":"closed","ping_status":"closed","sticky":false,"template":"","format":"standard","meta":{"inline_featured_image":false,"footnotes":""},"categories":[12],"tags":[],"_links":{"self":[{"href":"https:\/\/berliner-kellerrunde.de\/index.php?rest_route=\/wp\/v2\/posts\/734"}],"collection":[{"href":"https:\/\/berliner-kellerrunde.de\/index.php?rest_route=\/wp\/v2\/posts"}],"about":[{"href":"https:\/\/berliner-kellerrunde.de\/index.php?rest_route=\/wp\/v2\/types\/post"}],"author":[{"embeddable":true,"href":"https:\/\/berliner-kellerrunde.de\/index.php?rest_route=\/wp\/v2\/users\/2"}],"replies":[{"embeddable":true,"href":"https:\/\/berliner-kellerrunde.de\/index.php?rest_route=%2Fwp%2Fv2%2Fcomments&post=734"}],"version-history":[{"count":3,"href":"https:\/\/berliner-kellerrunde.de\/index.php?rest_route=\/wp\/v2\/posts\/734\/revisions"}],"predecessor-version":[{"id":1039,"href":"https:\/\/berliner-kellerrunde.de\/index.php?rest_route=\/wp\/v2\/posts\/734\/revisions\/1039"}],"wp:featuredmedia":[{"embeddable":true,"href":"https:\/\/berliner-kellerrunde.de\/index.php?rest_route=\/wp\/v2\/media\/1038"}],"wp:attachment":[{"href":"https:\/\/berliner-kellerrunde.de\/index.php?rest_route=%2Fwp%2Fv2%2Fmedia&parent=734"}],"wp:term":[{"taxonomy":"category","embeddable":true,"href":"https:\/\/berliner-kellerrunde.de\/index.php?rest_route=%2Fwp%2Fv2%2Fcategories&post=734"},{"taxonomy":"post_tag","embeddable":true,"href":"https:\/\/berliner-kellerrunde.de\/index.php?rest_route=%2Fwp%2Fv2%2Ftags&post=734"}],"curies":[{"name":"wp","href":"https:\/\/api.w.org\/{rel}","templated":true}]}}