{"id":517,"date":"2013-11-21T11:00:33","date_gmt":"2013-11-21T11:00:33","guid":{"rendered":"https:\/\/berliner-kellerrunde.de\/?p=517"},"modified":"2019-07-30T11:10:36","modified_gmt":"2019-07-30T11:10:36","slug":"besuch-in-der-landesvertretung-thueringen-in-berlin","status":"publish","type":"post","link":"https:\/\/berliner-kellerrunde.de\/?p=517","title":{"rendered":"Besuch in der Landesvertretung Th\u00fcringen in Berlin"},"content":{"rendered":"\n\t\t\t\t<img loading=\"lazy\" decoding=\"async\" src=\"https:\/\/berliner-kellerrunde.de\/wp-content\/uploads\/LVTh2013_1.jpg\" alt=\"Besuch in der Landesvertretung Th\u00fcringen in Berlin\" itemprop=\"image\" height=\"257\" width=\"344\" title=\"Besuch in der Landesvertretung Th\u00fcringen in Berlin\" onerror=\"this.style.display='none'\"  \/>\n\t<p>Unstrut-Hainich-Landrat Harald Zanker, Ranger Dietrich Reiche, Staatssekret\u00e4r a.D. Gerhard Naulin und Professor Dieter Gro\u00dfklaus (von links) vor der Stellwand des Nationalparks Hainich<\/p>\n\t\t\t\t<img loading=\"lazy\" decoding=\"async\" src=\"https:\/\/berliner-kellerrunde.de\/wp-content\/uploads\/LVTh2013_2.jpg\" alt=\"Besuch in der Landesvertretung Th\u00fcringen in Berlin\" itemprop=\"image\" height=\"181\" width=\"243\" title=\"Besuch in der Landesvertretung Th\u00fcringen in Berlin\" onerror=\"this.style.display='none'\"  \/>\n\t<p>Landrat Zanker begr\u00fc\u00dft die Berliner Kellerrunde und berichtet \u00fcber den Naturpark Hainich, der zum Weltkulturerbe geh\u00f6rt.<\/p>\n\t\t\t\t<img loading=\"lazy\" decoding=\"async\" src=\"https:\/\/berliner-kellerrunde.de\/wp-content\/uploads\/LVTh2013_3.jpg\" alt=\"Besuch in der Landesvertretung Th\u00fcringen in Berlin\" itemprop=\"image\" height=\"195\" width=\"261\" title=\"Besuch in der Landesvertretung Th\u00fcringen in Berlin\" onerror=\"this.style.display='none'\"  \/>\n\t<p>Gespannt schaut die Kellerrunde auf die Lichtbilder des Naturparks Hainich.<\/p>\n\t\t\t\t<img loading=\"lazy\" decoding=\"async\" src=\"https:\/\/berliner-kellerrunde.de\/wp-content\/uploads\/LVTh2013_4.jpg\" alt=\"Besuch in der Landesvertretung Th\u00fcringen in Berlin\" itemprop=\"image\" height=\"183\" width=\"246\" title=\"Besuch in der Landesvertretung Th\u00fcringen in Berlin\" onerror=\"this.style.display='none'\"  \/>\n\t<p>Gerhard Naulin bedankt sich f\u00fcr die Einladung der Kellerrunde zum Besuch des Naturparks.<\/p>\n","protected":false},"excerpt":{"rendered":"<p>Unstrut-Hainich-Landrat Harald Zanker, Ranger Dietrich Reiche, Staatssekret\u00e4r a.D. Gerhard Naulin und Professor Dieter Gro\u00dfklaus (von links) vor der Stellwand des Nationalparks Hainich Landrat Zanker begr\u00fc\u00dft die Berliner Kellerrunde und berichtet \u00fcber den Naturpark Hainich, der zum Weltkulturerbe geh\u00f6rt. Gespannt schaut die Kellerrunde auf die Lichtbilder des Naturparks Hainich. Gerhard Naulin bedankt sich f\u00fcr die Einladung&hellip;<\/p>\n","protected":false},"author":1,"featured_media":518,"comment_status":"closed","ping_status":"closed","sticky":false,"template":"","format":"standard","meta":{"inline_featured_image":false,"footnotes":""},"categories":[11],"tags":[],"_links":{"self":[{"href":"https:\/\/berliner-kellerrunde.de\/index.php?rest_route=\/wp\/v2\/posts\/517"}],"collection":[{"href":"https:\/\/berliner-kellerrunde.de\/index.php?rest_route=\/wp\/v2\/posts"}],"about":[{"href":"https:\/\/berliner-kellerrunde.de\/index.php?rest_route=\/wp\/v2\/types\/post"}],"author":[{"embeddable":true,"href":"https:\/\/berliner-kellerrunde.de\/index.php?rest_route=\/wp\/v2\/users\/1"}],"replies":[{"embeddable":true,"href":"https:\/\/berliner-kellerrunde.de\/index.php?rest_route=%2Fwp%2Fv2%2Fcomments&post=517"}],"version-history":[{"count":2,"href":"https:\/\/berliner-kellerrunde.de\/index.php?rest_route=\/wp\/v2\/posts\/517\/revisions"}],"predecessor-version":[{"id":523,"href":"https:\/\/berliner-kellerrunde.de\/index.php?rest_route=\/wp\/v2\/posts\/517\/revisions\/523"}],"wp:featuredmedia":[{"embeddable":true,"href":"https:\/\/berliner-kellerrunde.de\/index.php?rest_route=\/wp\/v2\/media\/518"}],"wp:attachment":[{"href":"https:\/\/berliner-kellerrunde.de\/index.php?rest_route=%2Fwp%2Fv2%2Fmedia&parent=517"}],"wp:term":[{"taxonomy":"category","embeddable":true,"href":"https:\/\/berliner-kellerrunde.de\/index.php?rest_route=%2Fwp%2Fv2%2Fcategories&post=517"},{"taxonomy":"post_tag","embeddable":true,"href":"https:\/\/berliner-kellerrunde.de\/index.php?rest_route=%2Fwp%2Fv2%2Ftags&post=517"}],"curies":[{"name":"wp","href":"https:\/\/api.w.org\/{rel}","templated":true}]}}