{"id":469,"date":"2015-01-20T10:00:15","date_gmt":"2015-01-20T10:00:15","guid":{"rendered":"https:\/\/berliner-kellerrunde.de\/?p=469"},"modified":"2019-07-30T10:24:48","modified_gmt":"2019-07-30T10:24:48","slug":"gruene-woche-2015-fruehling-in-der-blumenhalle","status":"publish","type":"post","link":"https:\/\/berliner-kellerrunde.de\/?p=469","title":{"rendered":"Fr\u00fchling in der Blumenhalle"},"content":{"rendered":"<h2>\n\t\tGr\u00fcne Woche 2015\n\t<\/h2>\n\t\t\t\t<img loading=\"lazy\" decoding=\"async\" src=\"https:\/\/berliner-kellerrunde.de\/wp-content\/uploads\/GWoche201501_1.jpg\" alt=\"Gr\u00fcne Woche 2015 Fr\u00fchling in der Blumenhalle\" itemprop=\"image\" height=\"209\" width=\"281\" title=\"Gr\u00fcne Woche 2015 Fr\u00fchling in der Blumenhalle\" onerror=\"this.style.display='none'\"  \/>\n\t\t\t\t<img loading=\"lazy\" decoding=\"async\" src=\"https:\/\/berliner-kellerrunde.de\/wp-content\/uploads\/GWoche201501_2.jpg\" alt=\"Gr\u00fcne Woche 2015 Fr\u00fchling in der Blumenhalle\" itemprop=\"image\" height=\"214\" width=\"286\" title=\"Gr\u00fcne Woche 2015 Fr\u00fchling in der Blumenhalle\" onerror=\"this.style.display='none'\"  \/>\n\t<p>Die Blumenhalle der Gr\u00fcnen Woche wird von dem Mitglied der Berliner Kellerrunde Herrn Professor Dr. Klaus Neumann gestaltet.<\/p>\n<p>In diesem Jahr pr\u00e4sentiert sich in der Blumenhalle die Welterbe Region Wartburg Hainich in Th\u00fcringen. Der Nationalpark, der in unmittelbarer Nachbarschaft der Wartburg liegt, punktet in Berlin mit einer traumhaften und bl\u00fctengeschm\u00fcckten Waldinszenierung und B\u00e4umen, die nur aus Bl\u00fcten bestehen. Zwischen den Buchenst\u00e4mmen sind Moose ausgelegt und 7500 Farne gesetzt, um dem Charakter des echten Hainich m\u00f6glichst nahe zu kommen.<\/p>\n\t\t\t\t<img loading=\"lazy\" decoding=\"async\" src=\"https:\/\/berliner-kellerrunde.de\/wp-content\/uploads\/GWoche201501_3_teaser.jpg\" alt=\"Gr\u00fcne Woche 2015 Fr\u00fchling in der Blumenhalle\" itemprop=\"image\" height=\"122\" width=\"162\" title=\"Gr\u00fcne Woche 2015 Fr\u00fchling in der Blumenhalle\" onerror=\"this.style.display='none'\"  \/>\n\t\t\t\t<img loading=\"lazy\" decoding=\"async\" src=\"https:\/\/berliner-kellerrunde.de\/wp-content\/uploads\/GWoche201501_4.jpg\" alt=\"Gr\u00fcne Woche 2015 Fr\u00fchling in der Blumenhalle\" itemprop=\"image\" height=\"210\" width=\"280\" title=\"Gr\u00fcne Woche 2015 Fr\u00fchling in der Blumenhalle\" onerror=\"this.style.display='none'\"  \/>\n\t\t\t\t<img loading=\"lazy\" decoding=\"async\" src=\"https:\/\/berliner-kellerrunde.de\/wp-content\/uploads\/GWoche201501_5.jpg\" alt=\"Gr\u00fcne Woche 2015 Fr\u00fchling in der Blumenhalle\" itemprop=\"image\" height=\"214\" width=\"287\" title=\"Gr\u00fcne Woche 2015 Fr\u00fchling in der Blumenhalle\" onerror=\"this.style.display='none'\"  \/>\n\t\t\t\t<a href=\"https:\/\/berliner-kellerrunde.de\/wp-content\/uploads\/GWoche201502_6-e1564482003429.jpg\" target=\"_self\" itemprop=\"url\" rel=\"noopener noreferrer\">\n\t\t\t\t<img loading=\"lazy\" decoding=\"async\" src=\"https:\/\/berliner-kellerrunde.de\/wp-content\/uploads\/GWoche201502_6-e1564482003429.jpg\" alt=\"Gr\u00fcne Woche 2015 Fr\u00fchling in der Blumenhalle\" itemprop=\"image\" height=\"209\" width=\"373\" title=\"Gr\u00fcne Woche 2015 Fr\u00fchling in der Blumenhalle\" onerror=\"this.style.display='none'\"  \/>\n\t\t\t\t<\/a>\n\t\tGerhard Naulin begr\u00fc\u00dft die Mitglieder der Kellerrunde in der Blumenhalle\n\t\t\t\t<a href=\"https:\/\/berliner-kellerrunde.de\/wp-content\/uploads\/GWoche201502_7.jpg\" target=\"_self\" itemprop=\"url\" rel=\"noopener noreferrer\">\n\t\t\t\t<img loading=\"lazy\" decoding=\"async\" src=\"https:\/\/berliner-kellerrunde.de\/wp-content\/uploads\/GWoche201502_7.jpg\" alt=\"Gr\u00fcne Woche 2015 Fr\u00fchling in der Blumenhalle\" itemprop=\"image\" height=\"209\" width=\"373\" title=\"Gr\u00fcne Woche 2015 Fr\u00fchling in der Blumenhalle\" onerror=\"this.style.display='none'\"  \/>\n\t\t\t\t<\/a>\n\t\tGerhard Naulin und Prof. Dr. Gro\u00dfklaus, Vorsitzende der Berliner Kellerrunde, besichtigen die Blumenhalle.\n\t\t\t\t<img loading=\"lazy\" decoding=\"async\" src=\"https:\/\/berliner-kellerrunde.de\/wp-content\/uploads\/GWoche201502_8.jpg\" alt=\"Gr\u00fcne Woche 2015 Fr\u00fchling in der Blumenhalle\" itemprop=\"image\" height=\"178\" width=\"240\" title=\"Gr\u00fcne Woche 2015 Fr\u00fchling in der Blumenhalle\" onerror=\"this.style.display='none'\"  \/>\n\t\t\t\t<img loading=\"lazy\" decoding=\"async\" src=\"https:\/\/berliner-kellerrunde.de\/wp-content\/uploads\/GWoche201502_9_teaser.jpg\" alt=\"Gr\u00fcne Woche 2015 Fr\u00fchling in der Blumenhalle\" itemprop=\"image\" height=\"189\" width=\"252\" title=\"Gr\u00fcne Woche 2015 Fr\u00fchling in der Blumenhalle\" onerror=\"this.style.display='none'\"  \/>\n\t<p>Einige der 160 Buchenst\u00e4mme wurden mit 280 Orchideen begr\u00fcnt, ein Flusslauf symbolisiert die Unstrut und Werra, 1000 Rosen, 700 Tulpen, 5000 Primeln, Kunstpilze, Nachbildung einer Wildkatze als Markenzeichen von H\u00fctschroda. Dazwischen prangen Zitate zur Region wie Goethes \u201eDie Gegend ist \u00fcberherrlich\u201c.<\/p>\n\t\n","protected":false},"excerpt":{"rendered":"<p>Gr\u00fcne Woche 2015 Die Blumenhalle der Gr\u00fcnen Woche wird von dem Mitglied der Berliner Kellerrunde Herrn Professor Dr. Klaus Neumann gestaltet. In diesem Jahr pr\u00e4sentiert sich in der Blumenhalle die Welterbe Region Wartburg Hainich in Th\u00fcringen. Der Nationalpark, der in unmittelbarer Nachbarschaft der Wartburg liegt, punktet in Berlin mit einer traumhaften und bl\u00fctengeschm\u00fcckten Waldinszenierung und&hellip;<\/p>\n","protected":false},"author":1,"featured_media":470,"comment_status":"closed","ping_status":"closed","sticky":false,"template":"","format":"standard","meta":{"inline_featured_image":false,"footnotes":""},"categories":[11],"tags":[],"_links":{"self":[{"href":"https:\/\/berliner-kellerrunde.de\/index.php?rest_route=\/wp\/v2\/posts\/469"}],"collection":[{"href":"https:\/\/berliner-kellerrunde.de\/index.php?rest_route=\/wp\/v2\/posts"}],"about":[{"href":"https:\/\/berliner-kellerrunde.de\/index.php?rest_route=\/wp\/v2\/types\/post"}],"author":[{"embeddable":true,"href":"https:\/\/berliner-kellerrunde.de\/index.php?rest_route=\/wp\/v2\/users\/1"}],"replies":[{"embeddable":true,"href":"https:\/\/berliner-kellerrunde.de\/index.php?rest_route=%2Fwp%2Fv2%2Fcomments&post=469"}],"version-history":[{"count":5,"href":"https:\/\/berliner-kellerrunde.de\/index.php?rest_route=\/wp\/v2\/posts\/469\/revisions"}],"predecessor-version":[{"id":484,"href":"https:\/\/berliner-kellerrunde.de\/index.php?rest_route=\/wp\/v2\/posts\/469\/revisions\/484"}],"wp:featuredmedia":[{"embeddable":true,"href":"https:\/\/berliner-kellerrunde.de\/index.php?rest_route=\/wp\/v2\/media\/470"}],"wp:attachment":[{"href":"https:\/\/berliner-kellerrunde.de\/index.php?rest_route=%2Fwp%2Fv2%2Fmedia&parent=469"}],"wp:term":[{"taxonomy":"category","embeddable":true,"href":"https:\/\/berliner-kellerrunde.de\/index.php?rest_route=%2Fwp%2Fv2%2Fcategories&post=469"},{"taxonomy":"post_tag","embeddable":true,"href":"https:\/\/berliner-kellerrunde.de\/index.php?rest_route=%2Fwp%2Fv2%2Ftags&post=469"}],"curies":[{"name":"wp","href":"https:\/\/api.w.org\/{rel}","templated":true}]}}