{"id":432,"date":"2013-09-07T08:38:58","date_gmt":"2013-09-07T08:38:58","guid":{"rendered":"https:\/\/berliner-kellerrunde.de\/?p=432"},"modified":"2019-08-30T10:19:22","modified_gmt":"2019-08-30T10:19:22","slug":"besuch-der-landesgartenschau-2013-in-prenzlau","status":"publish","type":"post","link":"https:\/\/berliner-kellerrunde.de\/?p=432","title":{"rendered":"Besuch der Landesgartenschau 2013 in Prenzlau"},"content":{"rendered":"\n<p>Genau 456.499 Interessenten haben die 5. Brandenburger Landesgartenschau besucht.<\/p>\n\t\t\t\t<img loading=\"lazy\" decoding=\"async\" src=\"https:\/\/berliner-kellerrunde.de\/wp-content\/uploads\/LGAPrenzlau2013_1.jpg\" alt=\"Besuch der Landesgartenschau 2013 in Prenzlau\" itemprop=\"image\" title=\"Besuch der Landesgartenschau 2013 in Prenzlau\" onerror=\"this.style.display='none'\" width=\"213\" height=\"151\">\n\t\t\t\t<a href=\"https:\/\/berliner-kellerrunde.de\/wp-content\/uploads\/LGAPrenzlau2013_2_teaser.jpg\" target=\"_self\" itemprop=\"url\" rel=\"noopener noreferrer\">\n\t\t\t\t<img loading=\"lazy\" decoding=\"async\" src=\"https:\/\/berliner-kellerrunde.de\/wp-content\/uploads\/LGAPrenzlau2013_2_teaser.jpg\" alt=\"Besuch der Landesgartenschau 2013 in Prenzlau\" itemprop=\"image\" title=\"Besuch der Landesgartenschau 2013 in Prenzlau\" onerror=\"this.style.display='none'\" width=\"190\" height=\"142\">\n\t\t\t\t<\/a>\n\t\tBei sp\u00e4tsommerlichen Temperaturen herrschte am 7. September im Mustergarten der 5. Brandenburger Landesgartenschau in Prenzlau zur Obstsortenschau ein dichtes Gedr\u00e4nge.\n\t\t\t\t<a href=\"https:\/\/berliner-kellerrunde.de\/wp-content\/uploads\/LGAPrenzlau2013_3.jpg\" target=\"_self\" itemprop=\"url\" rel=\"noopener noreferrer\">\n\t\t\t\t<img loading=\"lazy\" decoding=\"async\" src=\"https:\/\/berliner-kellerrunde.de\/wp-content\/uploads\/LGAPrenzlau2013_3.jpg\" alt=\"Besuch der Landesgartenschau 2013 in Prenzlau\" itemprop=\"image\" title=\"Besuch der Landesgartenschau 2013 in Prenzlau\" onerror=\"this.style.display='none'\" width=\"196\" height=\"145\">\n\t\t\t\t<\/a>\n\t\tDie Pomologen J\u00fcrgen Sinnecker (r.) und Hans-Georg Kosel (2.v.r.) berieten auch Sabine Naulin aus Berlin.\n\t<p><strong>Verleihung der Wilhelm-Naulin-Plakette<\/strong><\/p>\n<p>Auf Einladung der Gartenfreunde nehmen Mitglieder der Kellerrunde an der Verleihung der \u201eWilhelm-Naulin-Plakette\u201c in Prenzlau teil.<\/p>\n\t\t\t\t<a href=\"https:\/\/berliner-kellerrunde.de\/wp-content\/uploads\/LGAPrenzlau2013_4_teaser.jpg\" target=\"_self\" itemprop=\"url\" rel=\"noopener noreferrer\">\n\t\t\t\t<img loading=\"lazy\" decoding=\"async\" src=\"https:\/\/berliner-kellerrunde.de\/wp-content\/uploads\/LGAPrenzlau2013_4_teaser.jpg\" alt=\"Besuch der Landesgartenschau 2013 in Prenzlau\" itemprop=\"image\" onerror=\"this.style.display='none'\" width=\"264\" height=\"198\">\n\t\t\t\t<\/a>\n\t\tEhrung des Preistr\u00e4gers: Bernd Engelhardt, G\u00fcnter Landgraf, Klaus Zschernitz, Gerhard Naulin, J\u00fcrgen Hurt (v.l.).\n\t\t\t\t<img loading=\"lazy\" decoding=\"async\" src=\"https:\/\/berliner-kellerrunde.de\/wp-content\/uploads\/LGAPrenzlau2013_5.jpg\" alt=\"Besuch der Landesgartenschau 2013 in Prenzlau\" itemprop=\"image\" title=\"Besuch der Landesgartenschau 2013 in Prenzlau\" onerror=\"this.style.display='none'\" width=\"166\" height=\"117\">\n\t\t\t\t<a href=\"https:\/\/berliner-kellerrunde.de\/wp-content\/uploads\/LGAPrenzlau2013_6_teaser.jpg\" target=\"_self\" itemprop=\"url\" rel=\"noopener noreferrer\">\n\t\t\t\t<img loading=\"lazy\" decoding=\"async\" src=\"https:\/\/berliner-kellerrunde.de\/wp-content\/uploads\/LGAPrenzlau2013_6_teaser.jpg\" alt=\"Besuch der Landesgartenschau 2013 in Prenzlau\" itemprop=\"image\" title=\"Besuch der Landesgartenschau 2013 in Prenzlau\" onerror=\"this.style.display='none'\" width=\"241\" height=\"181\">\n\t\t\t\t<\/a>\n\t\tDer Vorsitzende des Kuratoriums der Wilhelm-Naulin-Stiftung J\u00fcrgen Hurt begr\u00fc\u00dft die Vertreter beider Landesverb\u00e4nde im Plenarsaal des Landkreises Uckermark.\n","protected":false},"excerpt":{"rendered":"<p>Genau 456.499 Interessenten haben die 5. Brandenburger Landesgartenschau besucht. Bei sp\u00e4tsommerlichen Temperaturen herrschte am 7. September im Mustergarten der 5. Brandenburger Landesgartenschau in Prenzlau zur Obstsortenschau ein dichtes Gedr\u00e4nge. Die Pomologen J\u00fcrgen Sinnecker (r.) und Hans-Georg Kosel (2.v.r.) berieten auch Sabine Naulin aus Berlin. Verleihung der Wilhelm-Naulin-Plakette Auf Einladung der Gartenfreunde nehmen Mitglieder der Kellerrunde&hellip;<\/p>\n","protected":false},"author":1,"featured_media":1046,"comment_status":"closed","ping_status":"closed","sticky":false,"template":"","format":"standard","meta":{"inline_featured_image":false,"footnotes":""},"categories":[11],"tags":[],"_links":{"self":[{"href":"https:\/\/berliner-kellerrunde.de\/index.php?rest_route=\/wp\/v2\/posts\/432"}],"collection":[{"href":"https:\/\/berliner-kellerrunde.de\/index.php?rest_route=\/wp\/v2\/posts"}],"about":[{"href":"https:\/\/berliner-kellerrunde.de\/index.php?rest_route=\/wp\/v2\/types\/post"}],"author":[{"embeddable":true,"href":"https:\/\/berliner-kellerrunde.de\/index.php?rest_route=\/wp\/v2\/users\/1"}],"replies":[{"embeddable":true,"href":"https:\/\/berliner-kellerrunde.de\/index.php?rest_route=%2Fwp%2Fv2%2Fcomments&post=432"}],"version-history":[{"count":3,"href":"https:\/\/berliner-kellerrunde.de\/index.php?rest_route=\/wp\/v2\/posts\/432\/revisions"}],"predecessor-version":[{"id":1047,"href":"https:\/\/berliner-kellerrunde.de\/index.php?rest_route=\/wp\/v2\/posts\/432\/revisions\/1047"}],"wp:featuredmedia":[{"embeddable":true,"href":"https:\/\/berliner-kellerrunde.de\/index.php?rest_route=\/wp\/v2\/media\/1046"}],"wp:attachment":[{"href":"https:\/\/berliner-kellerrunde.de\/index.php?rest_route=%2Fwp%2Fv2%2Fmedia&parent=432"}],"wp:term":[{"taxonomy":"category","embeddable":true,"href":"https:\/\/berliner-kellerrunde.de\/index.php?rest_route=%2Fwp%2Fv2%2Fcategories&post=432"},{"taxonomy":"post_tag","embeddable":true,"href":"https:\/\/berliner-kellerrunde.de\/index.php?rest_route=%2Fwp%2Fv2%2Ftags&post=432"}],"curies":[{"name":"wp","href":"https:\/\/api.w.org\/{rel}","templated":true}]}}