{"id":305,"date":"2009-09-01T09:03:04","date_gmt":"2009-09-01T09:03:04","guid":{"rendered":"https:\/\/berliner-kellerrunde.de\/?p=305"},"modified":"2021-02-19T15:14:44","modified_gmt":"2021-02-19T15:14:44","slug":"berliner-kellerrunde-an-der-mosel","status":"publish","type":"post","link":"https:\/\/berliner-kellerrunde.de\/?p=305","title":{"rendered":"Berliner Kellerrunde an der Mosel"},"content":{"rendered":"\n<p><img loading=\"lazy\" decoding=\"async\" src=\"https:\/\/berliner-kellerrunde.de\/wp-content\/uploads\/P1090714.jpg\" alt=\"Berliner Kellerrunde an der Mosel\" width=\"350\" height=\"278\">Riol \u2013 Berliner Prominenz auf Studienfahrt an der Mosel:<\/p>\n<p>Etwa 50 Pers\u00f6nlichkeiten aus Politik und Wirtschaft waren \u00fcbers Wochenende in der Region Trier zu Gast.<\/p>\n<p>Unter der Leitung von Gesundheits-Staatssekret\u00e4r a. D., Gerhard Naulin, besuchte die Delegation aus der Bundeshauptstadt unter anderem Trier, Luxemburg und Saarburg.<\/p>\n<p>In Mehring stand ein Besuch des Weinfestes auf dem Programm und in Riol, wo Naulin seinen Zweitwohnsitz hat, eine Weinprobe mit Winzer Franz-Peter Schmitz sowie Weink\u00f6nigin Christina und ihren Prinzessinnen im \u201eR\u00f6merhof\u201c (Foto).<\/p>\nDer \u201eBerliner Kellerrunde\u201c, die seit der Gr\u00fcndung vor 25 Jahren im Keller von Gerhard Naulin diesen Namen tr\u00e4gt, geh\u00f6rt auch Klaus Sch\u00fctz an. Der fr\u00fchere Regierende B\u00fcrgermeister von Berlin konnte allerdings aus gesundheitlichen Gr\u00fcnden die Reise an die Mosel nicht mitmachen.<br>\n(alf)\/TV-Foto: Albert Follmann\n","protected":false},"excerpt":{"rendered":"<p>Riol \u2013 Berliner Prominenz auf Studienfahrt an der Mosel: Etwa 50 Pers\u00f6nlichkeiten aus Politik und Wirtschaft waren \u00fcbers Wochenende in der Region Trier zu Gast. Unter der Leitung von Gesundheits-Staatssekret\u00e4r a. D., Gerhard Naulin, besuchte die Delegation aus der Bundeshauptstadt unter anderem Trier, Luxemburg und Saarburg. In Mehring stand ein Besuch des Weinfestes auf dem&hellip;<\/p>\n","protected":false},"author":2,"featured_media":311,"comment_status":"closed","ping_status":"closed","sticky":false,"template":"","format":"standard","meta":{"inline_featured_image":false,"footnotes":""},"categories":[10],"tags":[],"_links":{"self":[{"href":"https:\/\/berliner-kellerrunde.de\/index.php?rest_route=\/wp\/v2\/posts\/305"}],"collection":[{"href":"https:\/\/berliner-kellerrunde.de\/index.php?rest_route=\/wp\/v2\/posts"}],"about":[{"href":"https:\/\/berliner-kellerrunde.de\/index.php?rest_route=\/wp\/v2\/types\/post"}],"author":[{"embeddable":true,"href":"https:\/\/berliner-kellerrunde.de\/index.php?rest_route=\/wp\/v2\/users\/2"}],"replies":[{"embeddable":true,"href":"https:\/\/berliner-kellerrunde.de\/index.php?rest_route=%2Fwp%2Fv2%2Fcomments&post=305"}],"version-history":[{"count":9,"href":"https:\/\/berliner-kellerrunde.de\/index.php?rest_route=\/wp\/v2\/posts\/305\/revisions"}],"predecessor-version":[{"id":1106,"href":"https:\/\/berliner-kellerrunde.de\/index.php?rest_route=\/wp\/v2\/posts\/305\/revisions\/1106"}],"wp:featuredmedia":[{"embeddable":true,"href":"https:\/\/berliner-kellerrunde.de\/index.php?rest_route=\/wp\/v2\/media\/311"}],"wp:attachment":[{"href":"https:\/\/berliner-kellerrunde.de\/index.php?rest_route=%2Fwp%2Fv2%2Fmedia&parent=305"}],"wp:term":[{"taxonomy":"category","embeddable":true,"href":"https:\/\/berliner-kellerrunde.de\/index.php?rest_route=%2Fwp%2Fv2%2Fcategories&post=305"},{"taxonomy":"post_tag","embeddable":true,"href":"https:\/\/berliner-kellerrunde.de\/index.php?rest_route=%2Fwp%2Fv2%2Ftags&post=305"}],"curies":[{"name":"wp","href":"https:\/\/api.w.org\/{rel}","templated":true}]}}