{"id":258,"date":"2013-05-09T07:49:21","date_gmt":"2013-05-09T07:49:21","guid":{"rendered":"https:\/\/berliner-kellerrunde.de\/?p=258"},"modified":"2019-07-29T08:17:39","modified_gmt":"2019-07-29T08:17:39","slug":"grenzlandreise-aachen-rhein-maastricht","status":"publish","type":"post","link":"https:\/\/berliner-kellerrunde.de\/?p=258","title":{"rendered":"Grenzlandreise: Aachen &#8211; Rhein &#8211; Maastricht"},"content":{"rendered":"\n\t\t\t\t<img loading=\"lazy\" decoding=\"async\" src=\"https:\/\/berliner-kellerrunde.de\/wp-content\/uploads\/RMGrenz2013_1-1.jpg\" alt=\"Grenzlandreise: Aachen - Rhein - Maastricht\" itemprop=\"image\" height=\"189\" width=\"253\" title=\"RMGrenz2013_1-1\" onerror=\"this.style.display='none'\"  \/>\n\t<p>Aachen: Empfang im historischen Rathaus, Gespr\u00e4ch mit dem Oberb\u00fcrgermeister Marcel Philipp \u00fcber den Stand der Europ\u00e4ischen Einheit.<\/p>\n\t\t\t\t<img loading=\"lazy\" decoding=\"async\" src=\"https:\/\/berliner-kellerrunde.de\/wp-content\/uploads\/RMGrenz2013_2.jpg\" alt=\"Grenzlandreise: Aachen - Rhein - Maastricht\" itemprop=\"image\" height=\"186\" width=\"249\" title=\"RMGrenz2013_2\" onerror=\"this.style.display='none'\"  \/>\n\t\t\t\t<img loading=\"lazy\" decoding=\"async\" src=\"https:\/\/berliner-kellerrunde.de\/wp-content\/uploads\/RMGrenz2013_3.jpg\" alt=\"Grenzlandreise: Aachen - Rhein - Maastricht\" itemprop=\"image\" height=\"185\" width=\"248\" title=\"RMGrenz2013_3\" onerror=\"this.style.display='none'\"  \/>\n\t\t\t\t<img loading=\"lazy\" decoding=\"async\" src=\"https:\/\/berliner-kellerrunde.de\/wp-content\/uploads\/RMGrenz2013_4.jpg\" alt=\"Grenzlandreise: Aachen - Rhein - Maastricht\" itemprop=\"image\" height=\"208\" width=\"278\" title=\"RMGrenz2013_4\" onerror=\"this.style.display='none'\"  \/>\n\t<p>Maastricht: Empfang im Rathaus. Gespr\u00e4ch mit dem stellvertretenden Oberb\u00fcrgermeister. \u2013 Thema: Europa<\/p>\n\t\t\t\t<img loading=\"lazy\" decoding=\"async\" src=\"https:\/\/berliner-kellerrunde.de\/wp-content\/uploads\/RMGrenz2013_5.jpg\" alt=\"Grenzlandreise: Aachen - Rhein - Maastricht\" itemprop=\"image\" height=\"202\" width=\"270\" title=\"RMGrenz2013_5\" onerror=\"this.style.display='none'\"  \/>\n\t<p>Landrat des Kreises Neuss, Hans J\u00fcrgen Petrauschke, begr\u00fc\u00dft die Berliner Kellerrunde.<\/p>\n\t\t\t\t<img loading=\"lazy\" decoding=\"async\" src=\"https:\/\/berliner-kellerrunde.de\/wp-content\/uploads\/RMGrenz2013_6.jpg\" alt=\"Grenzlandreise: Aachen - Rhein - Maastricht\" itemprop=\"image\" height=\"201\" width=\"269\" title=\"RMGrenz2013_6\" onerror=\"this.style.display='none'\"  \/>\n\t<p>Besichtigung der Garten- und Parkanlagen um das Schloss Dyck.<\/p>\n","protected":false},"excerpt":{"rendered":"<p>Aachen: Empfang im historischen Rathaus, Gespr\u00e4ch mit dem Oberb\u00fcrgermeister Marcel Philipp \u00fcber den Stand der Europ\u00e4ischen Einheit. Maastricht: Empfang im Rathaus. Gespr\u00e4ch mit dem stellvertretenden Oberb\u00fcrgermeister. \u2013 Thema: Europa Landrat des Kreises Neuss, Hans J\u00fcrgen Petrauschke, begr\u00fc\u00dft die Berliner Kellerrunde. Besichtigung der Garten- und Parkanlagen um das Schloss Dyck.<\/p>\n","protected":false},"author":2,"featured_media":260,"comment_status":"closed","ping_status":"closed","sticky":false,"template":"","format":"standard","meta":{"inline_featured_image":false,"footnotes":""},"categories":[10],"tags":[],"_links":{"self":[{"href":"https:\/\/berliner-kellerrunde.de\/index.php?rest_route=\/wp\/v2\/posts\/258"}],"collection":[{"href":"https:\/\/berliner-kellerrunde.de\/index.php?rest_route=\/wp\/v2\/posts"}],"about":[{"href":"https:\/\/berliner-kellerrunde.de\/index.php?rest_route=\/wp\/v2\/types\/post"}],"author":[{"embeddable":true,"href":"https:\/\/berliner-kellerrunde.de\/index.php?rest_route=\/wp\/v2\/users\/2"}],"replies":[{"embeddable":true,"href":"https:\/\/berliner-kellerrunde.de\/index.php?rest_route=%2Fwp%2Fv2%2Fcomments&post=258"}],"version-history":[{"count":6,"href":"https:\/\/berliner-kellerrunde.de\/index.php?rest_route=\/wp\/v2\/posts\/258\/revisions"}],"predecessor-version":[{"id":272,"href":"https:\/\/berliner-kellerrunde.de\/index.php?rest_route=\/wp\/v2\/posts\/258\/revisions\/272"}],"wp:featuredmedia":[{"embeddable":true,"href":"https:\/\/berliner-kellerrunde.de\/index.php?rest_route=\/wp\/v2\/media\/260"}],"wp:attachment":[{"href":"https:\/\/berliner-kellerrunde.de\/index.php?rest_route=%2Fwp%2Fv2%2Fmedia&parent=258"}],"wp:term":[{"taxonomy":"category","embeddable":true,"href":"https:\/\/berliner-kellerrunde.de\/index.php?rest_route=%2Fwp%2Fv2%2Fcategories&post=258"},{"taxonomy":"post_tag","embeddable":true,"href":"https:\/\/berliner-kellerrunde.de\/index.php?rest_route=%2Fwp%2Fv2%2Ftags&post=258"}],"curies":[{"name":"wp","href":"https:\/\/api.w.org\/{rel}","templated":true}]}}