{"id":220,"date":"2013-06-14T14:38:07","date_gmt":"2013-06-14T14:38:07","guid":{"rendered":"https:\/\/berliner-kellerrunde.de\/?p=220"},"modified":"2021-02-19T13:42:16","modified_gmt":"2021-02-19T13:42:16","slug":"litauen-die-eu","status":"publish","type":"post","link":"https:\/\/berliner-kellerrunde.de\/?p=220","title":{"rendered":"Litauen &#038; die EU"},"content":{"rendered":"\n\t\t\t\t<img loading=\"lazy\" decoding=\"async\" src=\"https:\/\/berliner-kellerrunde.de\/wp-content\/uploads\/Litauen2013_4.jpg\" alt=\"Litauen und die EU\" itemprop=\"image\" height=\"233\" width=\"311\" title=\"Litauen2013_4\" onerror=\"this.style.display='none'\"  \/>\n\t<p><em>Dr. Wegener im Gespr\u00e4ch \u00fcber die medizinische Versorgung.<\/em><\/p>\n\t<p>Die Berliner Kellerrunde besucht unter F\u00fchrung von Dr. Hans Werner Wegener, Vorsitzender der Deutsch \u00ad Baltischen \u00c4rztegesellschaft e.V. Litauen und f\u00fchrt Gespr\u00e4che \u00fcber den Stand der Zusammenarbeit in der EU.<\/p>\n","protected":false},"excerpt":{"rendered":"<p>Dr. Wegener im Gespr\u00e4ch \u00fcber die medizinische Versorgung. Die Berliner Kellerrunde besucht unter F\u00fchrung von Dr. Hans Werner Wegener, Vorsitzender der Deutsch \u00ad Baltischen \u00c4rztegesellschaft e.V. Litauen und f\u00fchrt Gespr\u00e4che \u00fcber den Stand der Zusammenarbeit in der EU.<\/p>\n","protected":false},"author":2,"featured_media":219,"comment_status":"closed","ping_status":"closed","sticky":false,"template":"","format":"standard","meta":{"inline_featured_image":false,"footnotes":""},"categories":[10],"tags":[],"_links":{"self":[{"href":"https:\/\/berliner-kellerrunde.de\/index.php?rest_route=\/wp\/v2\/posts\/220"}],"collection":[{"href":"https:\/\/berliner-kellerrunde.de\/index.php?rest_route=\/wp\/v2\/posts"}],"about":[{"href":"https:\/\/berliner-kellerrunde.de\/index.php?rest_route=\/wp\/v2\/types\/post"}],"author":[{"embeddable":true,"href":"https:\/\/berliner-kellerrunde.de\/index.php?rest_route=\/wp\/v2\/users\/2"}],"replies":[{"embeddable":true,"href":"https:\/\/berliner-kellerrunde.de\/index.php?rest_route=%2Fwp%2Fv2%2Fcomments&post=220"}],"version-history":[{"count":9,"href":"https:\/\/berliner-kellerrunde.de\/index.php?rest_route=\/wp\/v2\/posts\/220\/revisions"}],"predecessor-version":[{"id":1099,"href":"https:\/\/berliner-kellerrunde.de\/index.php?rest_route=\/wp\/v2\/posts\/220\/revisions\/1099"}],"wp:featuredmedia":[{"embeddable":true,"href":"https:\/\/berliner-kellerrunde.de\/index.php?rest_route=\/wp\/v2\/media\/219"}],"wp:attachment":[{"href":"https:\/\/berliner-kellerrunde.de\/index.php?rest_route=%2Fwp%2Fv2%2Fmedia&parent=220"}],"wp:term":[{"taxonomy":"category","embeddable":true,"href":"https:\/\/berliner-kellerrunde.de\/index.php?rest_route=%2Fwp%2Fv2%2Fcategories&post=220"},{"taxonomy":"post_tag","embeddable":true,"href":"https:\/\/berliner-kellerrunde.de\/index.php?rest_route=%2Fwp%2Fv2%2Ftags&post=220"}],"curies":[{"name":"wp","href":"https:\/\/api.w.org\/{rel}","templated":true}]}}