{"id":172,"date":"2011-09-24T13:01:04","date_gmt":"2011-09-24T13:01:04","guid":{"rendered":"https:\/\/berliner-kellerrunde.de\/?p=172"},"modified":"2019-07-29T09:01:46","modified_gmt":"2019-07-29T09:01:46","slug":"stand-der-deutsch-polnischen-verstaendigung","status":"publish","type":"post","link":"https:\/\/berliner-kellerrunde.de\/?p=172","title":{"rendered":"Stand der deutsch-polnischen Verst\u00e4ndigung"},"content":{"rendered":"\n\t<p>Auf der Fahrt nach Frankfurt \/ Oder und nach Slubice besuchen wir die Europ\u00e4ische Universit\u00e4t Viadrina und f\u00fchren Gespr\u00e4che mit dem 2. B\u00fcrgermeister der Stadt Slubice.<\/p>\n\t\t\t\t<img loading=\"lazy\" decoding=\"async\" src=\"https:\/\/berliner-kellerrunde.de\/wp-content\/uploads\/Frankfurt2011_1-1.jpg\" alt=\"Stand der deutsch-polnischen Verst\u00e4ndigung\" itemprop=\"image\" height=\"246\" width=\"329\" title=\"Frankfurt2011_1-1\" onerror=\"this.style.display='none'\"  \/>\n\t<p><em>Diskussion in der Universit\u00e4t Viadrina<\/em><\/p>\n\tDie gef\u00fchrten Gespr\u00e4che in der Universit\u00e4t und in Slubice zeigen uns, dass die Menschen in diesem Grenzgebiet viele gemeinsame Projekte betreiben und dass es eine gute Zusammenarbeit auf unterschiedlichen Ebenen gibt.<br \/>\nEine Pr\u00e4sentation, dargeboten vom B\u00fcrgermeister in Slubice, festigt diesen Eindruck. Hier ist man auf einem guten Weg zu einem starken und handlungsf\u00e4higen Europa.\n\t\t\t\t<img loading=\"lazy\" decoding=\"async\" src=\"https:\/\/berliner-kellerrunde.de\/wp-content\/uploads\/Frankfurt2011_2-1.jpg\" alt=\"Stand der deutsch-polnischen Verst\u00e4ndigung\" itemprop=\"image\" height=\"290\" width=\"389\" title=\"Frankfurt2011_2-1\" onerror=\"this.style.display='none'\"  \/>\n\t<p><em>Empfang der Berliner Kellerrunde im Rathaus der Stadt Slubice<\/em><\/p>\n\t<p>Mit dem Oberb\u00fcrgermeister in Frankfurt \/ Oder wurde vereinbart, im Jahr 2012 dieses Thema mit ihm und dem Pr\u00e4sidenten der Viadrina weiter zu f\u00fchren.<\/p>\n","protected":false},"excerpt":{"rendered":"<p>Auf der Fahrt nach Frankfurt \/ Oder und nach Slubice besuchen wir die Europ\u00e4ische Universit\u00e4t Viadrina und f\u00fchren Gespr\u00e4che mit dem 2. B\u00fcrgermeister der Stadt Slubice. Diskussion in der Universit\u00e4t Viadrina Die gef\u00fchrten Gespr\u00e4che in der Universit\u00e4t und in Slubice zeigen uns, dass die Menschen in diesem Grenzgebiet viele gemeinsame Projekte betreiben und dass es&hellip;<\/p>\n","protected":false},"author":2,"featured_media":170,"comment_status":"closed","ping_status":"closed","sticky":false,"template":"","format":"standard","meta":{"inline_featured_image":false,"footnotes":""},"categories":[10],"tags":[],"_links":{"self":[{"href":"https:\/\/berliner-kellerrunde.de\/index.php?rest_route=\/wp\/v2\/posts\/172"}],"collection":[{"href":"https:\/\/berliner-kellerrunde.de\/index.php?rest_route=\/wp\/v2\/posts"}],"about":[{"href":"https:\/\/berliner-kellerrunde.de\/index.php?rest_route=\/wp\/v2\/types\/post"}],"author":[{"embeddable":true,"href":"https:\/\/berliner-kellerrunde.de\/index.php?rest_route=\/wp\/v2\/users\/2"}],"replies":[{"embeddable":true,"href":"https:\/\/berliner-kellerrunde.de\/index.php?rest_route=%2Fwp%2Fv2%2Fcomments&post=172"}],"version-history":[{"count":5,"href":"https:\/\/berliner-kellerrunde.de\/index.php?rest_route=\/wp\/v2\/posts\/172\/revisions"}],"predecessor-version":[{"id":303,"href":"https:\/\/berliner-kellerrunde.de\/index.php?rest_route=\/wp\/v2\/posts\/172\/revisions\/303"}],"wp:featuredmedia":[{"embeddable":true,"href":"https:\/\/berliner-kellerrunde.de\/index.php?rest_route=\/wp\/v2\/media\/170"}],"wp:attachment":[{"href":"https:\/\/berliner-kellerrunde.de\/index.php?rest_route=%2Fwp%2Fv2%2Fmedia&parent=172"}],"wp:term":[{"taxonomy":"category","embeddable":true,"href":"https:\/\/berliner-kellerrunde.de\/index.php?rest_route=%2Fwp%2Fv2%2Fcategories&post=172"},{"taxonomy":"post_tag","embeddable":true,"href":"https:\/\/berliner-kellerrunde.de\/index.php?rest_route=%2Fwp%2Fv2%2Ftags&post=172"}],"curies":[{"name":"wp","href":"https:\/\/api.w.org\/{rel}","templated":true}]}}