{"id":1178,"date":"2023-07-18T16:53:04","date_gmt":"2023-07-18T16:53:04","guid":{"rendered":"https:\/\/berliner-kellerrunde.de\/?p=1178"},"modified":"2023-07-18T17:05:39","modified_gmt":"2023-07-18T17:05:39","slug":"fahrt-der-berliner-kellerrunde-in-das-muensterland-und-nach-westerstede-vom-12-bis-15-mai-2023","status":"publish","type":"post","link":"https:\/\/berliner-kellerrunde.de\/?p=1178","title":{"rendered":"Fahrt der Berliner Kellerrunde in das M\u00fcnsterland und nach Westerstede vom 12. bis 15. Mai 2023"},"content":{"rendered":"\n\n\t\t\t\t<img loading=\"lazy\" decoding=\"async\" src=\"https:\/\/berliner-kellerrunde.de\/wp-content\/uploads\/Handy-2023-2-131_bearbeitet.jpg\" alt=\"Garten und Landschaftskultur in Westerstede\" itemprop=\"image\" height=\"1826\" width=\"2434\" title=\"Handy 2023 - 2 131_bearbeitet\" onerror=\"this.style.display='none'\"  \/>\n\t\tGarten und Landschaftskultur in Westerstede\n\t<p>Schon l\u00e4nger hatte die Berliner Kellerrunde eine Fahrt zum Thema Interreligi\u00f6ser Dialog nach M\u00fcnster geplant. Organisiert von den Kellerfreunden Prof. Dr. Klaus Neumann, Probst a. D. Dr. Karl-Heinrich L\u00fctcke und Hans-J\u00fcrgen Pluta haben 27 Teilnehmer die Gelegenheit wahrgenommen, ein Wochenende in M\u00fcnster, Osnabr\u00fcck, Cloppenburg und Westerstede\/Ammerland zu verbringen mit Besichtigungen, Vortr\u00e4gen und Gespr\u00e4chen.<\/p>\n<p>In Osnabr\u00fcck wurde von Diakon Harald Niermann als Beispiel f\u00fcr neue architektonisch-kulturelle Struktur der Umbau des Kirchengeb\u00e4udes der Hl. Familie zu einer Kolumbariumskirche f\u00fcr Urnenbestattungen vorgestellt und von dem Franziskaner Franz Richardt, Geistlicher Direktor im Haus Ohrbeck und Leiter des Pastoralseminars an der Philosophisch-Theologischen Hochschule der Franziskaner und Kapuziner M\u00fcnster, ein Vortrag \u00fcber die neue Friedhofskultur, die Zukunft der Friedh\u00f6fe und die Ver\u00e4nderungen der Bestattungskultur gehalten.<\/p>\n\t\t\t\t<img loading=\"lazy\" decoding=\"async\" src=\"https:\/\/berliner-kellerrunde.de\/wp-content\/uploads\/Handy-2023-2-098_bearbeitet-scaled.jpg\" alt=\"Franziskaner Franz Richardt mit Prof. Dr. Klaus Neumann - Gespr\u00e4ch zur neuen Friedhofskultur\" itemprop=\"image\" height=\"1920\" width=\"2560\" title=\"Handy 2023 - 2 098_bearbeitet\" onerror=\"this.style.display='none'\"  \/>\n\t\tFranziskaner Franz Richardt mit Prof. Dr. Klaus Neumann &#8211; Gespr\u00e4ch zur neuen Friedhofskultur\n\t<p>In der Stadt Altenberge nahe M\u00fcnster wurde in den R\u00e4umen des Heimatvereins Altenberge e. V. Von Herrn Werner Witte die Entstehung und Entwicklung des Vereins als regionales Zentrum f\u00fcr Genealogie, Ortsgeschichte und f\u00fcr Veranstaltungen und Tagungen dargestellt.<\/p>\n\t\t\t\t<img loading=\"lazy\" decoding=\"async\" src=\"https:\/\/berliner-kellerrunde.de\/wp-content\/uploads\/Handy-2023-2-106_bearbeitet-scaled.jpg\" alt=\"Besuch des Heimatvereins Altenberge e.V., bei M\u00fcnster\" itemprop=\"image\" height=\"1921\" width=\"2560\" title=\"Handy 2023 - 2 106_bearbeitet\" onerror=\"this.style.display='none'\"  \/>\n\t\tBesuch des Heimatvereins Altenberge e.V., bei M\u00fcnster\n\t<p>Der ehem. Leiter des Amtes f\u00fcr Gr\u00fcnfl\u00e4chen, Umwelt und Nachhaltigkeit der Stadt M\u00fcnster, Herr Heiner Bruns, stellt die Entwicklung und Realisierung der Gr\u00fcnplanung mit drei gr\u00fcnen Ringen und sieben Gr\u00fcnz\u00fcgen auf dem Stadtgebiet mit rd. 302 km\u00b2 dar. M\u00fcnster hat gegenw\u00e4rtig 320.000 Einwohner und ist eine Universit\u00e4tsstadt mit 66.000 Studierenden. M\u00fcnster ist eine Fahrradstadt, denn 44 % der Einwohner sind mit dem Fahrrad unterwegs. M\u00fcnster darf sich auch \u201eLebenswerteste Stadt der Welt&#8220; nennen; als erste deutsche Gro\u00dfstadt hat die Westfalenmetropole beim LivCom-Award in Niagara\/Kanada Gold gewonnen und den ersten Platz in der Kategorie der St\u00e4dte zwischen 200.000 und 750.000 Einwohner belegt.<\/p>\n\t\t\t\t<img loading=\"lazy\" decoding=\"async\" src=\"https:\/\/berliner-kellerrunde.de\/wp-content\/uploads\/Handy-2023-2-116_bearbeitet-scaled.jpg\" alt=\"M\u00fcnster als &quot;lebensweteste Stadt der Welt&quot; - Vortrag von Heiner Bruns, ehemaliger Leiter des Amts f\u00fcr Gr\u00fcnfl\u00e4chen, Umwelt und Nachhaltigkeit der Stadt M\u00fcnster\" itemprop=\"image\" height=\"1920\" width=\"2560\" title=\"Handy 2023 - 2 116_bearbeitet\" onerror=\"this.style.display='none'\"  \/>\n\t\tM\u00fcnster als &#8222;lebensweteste Stadt der Welt&#8220; &#8211; Vortrag von Heiner Bruns, ehemaliger Leiter des Amts f\u00fcr Gr\u00fcnfl\u00e4chen, Umwelt und Nachhaltigkeit der Stadt M\u00fcnster\n\t<p>Der Interreligi\u00f6se Dialog wurde von Herrn Prof. Dr. Beutel, evangelischer Theologe und Professor f\u00fcr Kirchengeschichte an der westf\u00e4lischen Wilhelms-Universit\u00e4t M\u00fcnster, dargestellt und ein Bogen vom Westf\u00e4lischen Frieden bis zum heutigen Campus der Religionen\/Theologien, ISLAMKOLLEG, Islam \u201eMade in Germany&#8220; mit Unterst\u00fctzung von Probst Dr. L\u00fctcke gespannt. \u00dcber das T\u00e4uferreich von M\u00fcnster sprach Mag. Theol. Elimar Brandt, Vorstand der Borghardt Stiftung.<\/p>\n\t\t\t\t<img loading=\"lazy\" decoding=\"async\" src=\"https:\/\/berliner-kellerrunde.de\/wp-content\/uploads\/Handy-2023-2-124_bearbeitet-scaled.jpg\" alt=\"Diskussion zum Interreligi\u00f6sen Dialog - links, Prof. Dr. Beutel und rechts, Probst a.D. Karl-Heinrich L\u00fctcke\" itemprop=\"image\" height=\"1920\" width=\"2560\" title=\"Handy 2023 - 2 124_bearbeitet\" onerror=\"this.style.display='none'\"  \/>\n\t\tDiskussion zum Interreligi\u00f6sen Dialog &#8211; links, Prof. Dr. Beutel und rechts, Probst a.D. Karl-Heinrich L\u00fctcke\n\t<p>Zum Thema Garten- und Landschaftskultur wurde in Westerstede \/Ammerland die Rhododendron-Schau besichtigt, ein H\u00f6hepunkt des 900. Jubil\u00e4ums von Westerstede. So konnten unz\u00e4hlige Rhododendron, Azaleen und andere Natursch\u00f6nheiten nicht nur im historischen Stadtkern, sondern auch barrierefrei in den Stra\u00dfen und G\u00e4\u00dfchen des staatlich anerkannten Erholungsortes betrachtet werden.<\/p>\n\t\t\t\t<img loading=\"lazy\" decoding=\"async\" src=\"https:\/\/berliner-kellerrunde.de\/wp-content\/uploads\/Handy-2023-2-127_bearbeitet-scaled.jpg\" alt=\"Rhododendron-Schau in Westerstede\" itemprop=\"image\" height=\"1920\" width=\"2560\" title=\"Handy 2023 - 2 127_bearbeitet\" onerror=\"this.style.display='none'\"  \/>\n\t\tRhododendron-Schau in Westerstede\n\t<p>Wie nachhaltige F\u00f6rderung des Pflanzenwachstum erfolgen kann, wurde uns vom Kellerfreund Aumann und seinem Sohn Bernhard Aumann in der N\u00e4he von Cloppenburg vorgestellt. Ihre Firma Texas-Bio-Energie GmbH stellt Naturd\u00fcnger mit lebenden Mikroorganismen her, die 100 % torffrei, garantiert unkrautfrei, bodenverbessernd, geruchsneutral und wasserspeichernd sind. F\u00fcr diese Naturd\u00fcnger hat die Firma ein europ\u00e4isches Patent.<\/p>\n\t\t\t\t<img loading=\"lazy\" decoding=\"async\" src=\"https:\/\/berliner-kellerrunde.de\/wp-content\/uploads\/Handy-2023-2-136_bearbeitet-scaled.jpg\" alt=\"Diskussion zum Thema Biod\u00fcnger: Naturd\u00fcnger mit lebenden Microorganismen bei der Energiewert Cloppenburg GmbH mit den Eigent\u00fcmern Aumann, senior &amp; junior\" itemprop=\"image\" height=\"1920\" width=\"2560\" title=\"Handy 2023 - 2 136_bearbeitet\" onerror=\"this.style.display='none'\"  \/>\n\t\tDiskussion zum Thema Biod\u00fcnger: Naturd\u00fcnger mit lebenden Microorganismen bei der Energiewert Cloppenburg GmbH mit den Eigent\u00fcmern Aumann, senior &amp; junior\n\t<p>Das Wochenende wurde mit der Besichtigung des gartenkulturellen Zentrums von Schloss Ippenburg abgeschlossen. Schloss Ippenburg ist seit Jahrhunderten ein Adelswohnsitz im Stil der Neugotik im Ortsteil Lockhausen von Bad Essen im Landkreis Osnabr\u00fcck. Das heutige Schloss kann das englische Vorbild nicht verleugnen und ist mit den markanten Treppengiebeln und Eckt\u00fcrmen eine architektonische Besonderheit in der Region. Um das Schloss herum hat Viktoria von dem Bussche auf dem 60.000 qm gro\u00dfem Gel\u00e4nde um das Schloss einzigartige G\u00e4rten entstehen lassen.<\/p>\n\t\t\t\t<img loading=\"lazy\" decoding=\"async\" src=\"https:\/\/berliner-kellerrunde.de\/wp-content\/uploads\/Handy-2023-2-143_bearbeitet-scaled.jpg\" alt=\"Schloss Ippenburg im Landkreis Osnabr\u00fcck\" itemprop=\"image\" height=\"1920\" width=\"2560\" title=\"Handy 2023 - 2 143_bearbeitet\" onerror=\"this.style.display='none'\"  \/>\n\t\tSchloss Ippenburg im Landkreis Osnabr\u00fcck\n\t\t\t\t<img loading=\"lazy\" decoding=\"async\" src=\"https:\/\/berliner-kellerrunde.de\/wp-content\/uploads\/Handy-2023-2-152_bearbeitet-scaled.jpg\" alt=\"F\u00fchrung mit Viktoria von dem Bussche\" itemprop=\"image\" height=\"1920\" width=\"2560\" title=\"Handy 2023 - 2 152_bearbeitet\" onerror=\"this.style.display='none'\"  \/>\n\t\tF\u00fchrung mit Viktoria von dem Bussche\n\n","protected":false},"excerpt":{"rendered":"<p>Garten und Landschaftskultur in Westerstede Schon l\u00e4nger hatte die Berliner Kellerrunde eine Fahrt zum Thema Interreligi\u00f6ser Dialog nach M\u00fcnster geplant. Organisiert von den Kellerfreunden Prof. Dr. Klaus Neumann, Probst a. D. Dr. Karl-Heinrich L\u00fctcke und Hans-J\u00fcrgen Pluta haben 27 Teilnehmer die Gelegenheit wahrgenommen, ein Wochenende in M\u00fcnster, Osnabr\u00fcck, Cloppenburg und Westerstede\/Ammerland zu verbringen mit Besichtigungen,&hellip;<\/p>\n","protected":false},"author":2,"featured_media":1179,"comment_status":"closed","ping_status":"closed","sticky":false,"template":"","format":"standard","meta":{"inline_featured_image":false,"footnotes":""},"categories":[11],"tags":[],"_links":{"self":[{"href":"https:\/\/berliner-kellerrunde.de\/index.php?rest_route=\/wp\/v2\/posts\/1178"}],"collection":[{"href":"https:\/\/berliner-kellerrunde.de\/index.php?rest_route=\/wp\/v2\/posts"}],"about":[{"href":"https:\/\/berliner-kellerrunde.de\/index.php?rest_route=\/wp\/v2\/types\/post"}],"author":[{"embeddable":true,"href":"https:\/\/berliner-kellerrunde.de\/index.php?rest_route=\/wp\/v2\/users\/2"}],"replies":[{"embeddable":true,"href":"https:\/\/berliner-kellerrunde.de\/index.php?rest_route=%2Fwp%2Fv2%2Fcomments&post=1178"}],"version-history":[{"count":4,"href":"https:\/\/berliner-kellerrunde.de\/index.php?rest_route=\/wp\/v2\/posts\/1178\/revisions"}],"predecessor-version":[{"id":1183,"href":"https:\/\/berliner-kellerrunde.de\/index.php?rest_route=\/wp\/v2\/posts\/1178\/revisions\/1183"}],"wp:featuredmedia":[{"embeddable":true,"href":"https:\/\/berliner-kellerrunde.de\/index.php?rest_route=\/wp\/v2\/media\/1179"}],"wp:attachment":[{"href":"https:\/\/berliner-kellerrunde.de\/index.php?rest_route=%2Fwp%2Fv2%2Fmedia&parent=1178"}],"wp:term":[{"taxonomy":"category","embeddable":true,"href":"https:\/\/berliner-kellerrunde.de\/index.php?rest_route=%2Fwp%2Fv2%2Fcategories&post=1178"},{"taxonomy":"post_tag","embeddable":true,"href":"https:\/\/berliner-kellerrunde.de\/index.php?rest_route=%2Fwp%2Fv2%2Ftags&post=1178"}],"curies":[{"name":"wp","href":"https:\/\/api.w.org\/{rel}","templated":true}]}}