{"id":1110,"date":"2021-09-10T11:26:49","date_gmt":"2021-09-10T11:26:49","guid":{"rendered":"https:\/\/berliner-kellerrunde.de\/?p=1110"},"modified":"2022-05-30T15:29:59","modified_gmt":"2022-05-30T15:29:59","slug":"berliner-kellerrunde-in-thueringen","status":"publish","type":"post","link":"https:\/\/berliner-kellerrunde.de\/?p=1110","title":{"rendered":"Berliner Kellerrunde in Th\u00fcringen"},"content":{"rendered":"\n<img loading=\"lazy\" decoding=\"async\" src=\"https:\/\/berliner-kellerrunde.de\/wp-content\/uploads\/210906_Gruppenfoto-scaled.jpg\" alt=\"Berliner Kellerrunde mit Landrat Harald Zenker und dem Vizepr\u00e4sidenten des Th\u00fcringer Landesamtes f\u00fcr Verbraucherschutz, Dr. Lothar Hoffmann\" itemprop=\"image\" title=\"210906_Gruppenfoto\" onerror=\"this.style.display='none'\" width=\"2560\" height=\"1920\">\n\t\tBerliner Kellerrunde mit Landrat Harald Zenker und dem Vizepr\u00e4sidenten des Th\u00fcringer Landesamtes f\u00fcr Verbraucherschutz, Dr. Lothar Hoffmann\n\t<p>Zum Besuch der Bundesgartenschau 2021 in Erfurt ist die Berliner Kellerrunde am Wochenende vom 27. &#8211; 29. August nach Th\u00fcringen gefahren. Das umfangreiche Programm wurde vom Landrat des Unstrut-Hainich &#8211; Kreises, Harald Zenker, der Mitglied der Kellerrunde ist, unter Mitwirkung von Prof. Dr. Dieter Gro\u00dfklaus und Hans-J\u00fcrgen Pluta gestaltet.<\/p>\n\t\t\t\t<img loading=\"lazy\" decoding=\"async\" src=\"https:\/\/berliner-kellerrunde.de\/wp-content\/uploads\/210906_Mitglieder-der-Kellerrunde-scaled.jpg\" alt=\"B\u00fcrgermeister Matthias Reinz, Bad Langensalza, mit Elke und J\u00fcrgen Naulin\" itemprop=\"image\" title=\"210906_Mitglieder der Kellerrunde\" onerror=\"this.style.display='none'\" width=\"1920\" height=\"2560\">\n\t\tB\u00fcrgermeister Matthias Reinz, Bad Langensalza, mit Elke und J\u00fcrgen Naulin\n\t<p>Vom B\u00fcrgermeister Mattthias Reinz in Bad Langensalza begr\u00fc\u00dft, ging es gleich nach der Ankunft mit einer Stadtf\u00fchrerin zum Geburtshaus von Chrisoph Wilhelm Hufeland und einem anschlie\u00dfenden Rundgang durch die sch\u00f6ne Altstadt mit vielen historischen Geb\u00e4uden.<\/p>\n<p>Am Nachmittag wurde die Gruppe im Th\u00fcringer Landesamt f\u00fcr Verbraucherschutz vom Vizepr\u00e4sidenten a. D. Dr. Lothar Hoffmann und vom Landrat Harald Zanker begr\u00fc\u00dft und \u00fcber die Aufgaben des Landesamtes informiert.<\/p>\n<p>Nicht umsonst ist Bad Langensalza bekannt als Blumenstadt, wie die Kellerrunde beim anschlie\u00dfenden<\/p>\n<p>Besuch des Japanischen Gartens und des Rosengartens im Schlosspark feststellen konnte.<\/p>\n\t\t\t\t<img loading=\"lazy\" decoding=\"async\" src=\"https:\/\/berliner-kellerrunde.de\/wp-content\/uploads\/210906_Japanischer-Garten-scaled.jpg\" alt=\"Japanische G\u00e4rten in Bad Langensalza\" itemprop=\"image\" title=\"210906_Japanischer Garten\" onerror=\"this.style.display='none'\" width=\"2560\" height=\"1920\">\n\t\tJapanische G\u00e4rten in Bad Langensalza\n\tVielversprechend weist der BUGA &#8211; Prospekt darauf hin, dass Gartenschauen seit 1865 mit Erfurt verbunden sind: \u201e2021 kehrt diese Tradition als Bundesgartenschau 2021 in ihre Heimat zur\u00fcck und pr\u00e4sentiert sich auf zwei einzigartige Erfurter Ausstellungsfl\u00e4chen &#8211; dem geschichtstr\u00e4chtigen Petersberg und dem sch\u00f6nsten Garten Th\u00fcringens, dem egapark.&#8220; Gut zu Fu\u00df mussten die Kellerrunden-Mitglieder und ihre Freunde sein, als am Samstag unter fachkundiger F\u00fchrung mit einem Blumen- und Pflanzenmeer von<br>\n87.000 m\u00b2 und der Petersberg rund um die barocke Stadtfestung besichtigt wurden.\n\t\t\t\t<img loading=\"lazy\" decoding=\"async\" src=\"https:\/\/berliner-kellerrunde.de\/wp-content\/uploads\/210906_Erfurter-Dom-scaled.jpg\" alt=\"Petersberg in Erfurt mit dem Blick auf die St. Severi Kirche und den Erfurter Dom im Hintergrund\" itemprop=\"image\" title=\"210906_Erfurter Dom\" onerror=\"this.style.display='none'\" width=\"2560\" height=\"1920\">\n\t\tPetersberg in Erfurt mit dem Blick auf die St. Severi Kirche und den Erfurter Dom im Hintergrund\n\t<p>Am Sonntag stand die mittelalterliche ehemalige Reichsstadt M\u00fchlhausen auf dem Programm. Nach einem Museumsbesuch und einem kurzen Stadtrundgang wurde die Kellerrunde im historischen Rathaus von Oberb\u00fcrgermeister Dr. Johannes Bruns begr\u00fc\u00dft \u00fcber die wirtschaftliche Entwicklung der Stadt informiert.<\/p>\n","protected":false},"excerpt":{"rendered":"<p>Berliner Kellerrunde mit Landrat Harald Zenker und dem Vizepr\u00e4sidenten des Th\u00fcringer Landesamtes f\u00fcr Verbraucherschutz, Dr. Lothar Hoffmann Zum Besuch der Bundesgartenschau 2021 in Erfurt ist die Berliner Kellerrunde am Wochenende vom 27. &#8211; 29. August nach Th\u00fcringen gefahren. Das umfangreiche Programm wurde vom Landrat des Unstrut-Hainich &#8211; Kreises, Harald Zenker, der Mitglied der Kellerrunde ist,&hellip;<\/p>\n","protected":false},"author":2,"featured_media":1135,"comment_status":"closed","ping_status":"closed","sticky":false,"template":"","format":"standard","meta":{"inline_featured_image":false,"footnotes":""},"categories":[12],"tags":[],"_links":{"self":[{"href":"https:\/\/berliner-kellerrunde.de\/index.php?rest_route=\/wp\/v2\/posts\/1110"}],"collection":[{"href":"https:\/\/berliner-kellerrunde.de\/index.php?rest_route=\/wp\/v2\/posts"}],"about":[{"href":"https:\/\/berliner-kellerrunde.de\/index.php?rest_route=\/wp\/v2\/types\/post"}],"author":[{"embeddable":true,"href":"https:\/\/berliner-kellerrunde.de\/index.php?rest_route=\/wp\/v2\/users\/2"}],"replies":[{"embeddable":true,"href":"https:\/\/berliner-kellerrunde.de\/index.php?rest_route=%2Fwp%2Fv2%2Fcomments&post=1110"}],"version-history":[{"count":11,"href":"https:\/\/berliner-kellerrunde.de\/index.php?rest_route=\/wp\/v2\/posts\/1110\/revisions"}],"predecessor-version":[{"id":1133,"href":"https:\/\/berliner-kellerrunde.de\/index.php?rest_route=\/wp\/v2\/posts\/1110\/revisions\/1133"}],"wp:featuredmedia":[{"embeddable":true,"href":"https:\/\/berliner-kellerrunde.de\/index.php?rest_route=\/wp\/v2\/media\/1135"}],"wp:attachment":[{"href":"https:\/\/berliner-kellerrunde.de\/index.php?rest_route=%2Fwp%2Fv2%2Fmedia&parent=1110"}],"wp:term":[{"taxonomy":"category","embeddable":true,"href":"https:\/\/berliner-kellerrunde.de\/index.php?rest_route=%2Fwp%2Fv2%2Fcategories&post=1110"},{"taxonomy":"post_tag","embeddable":true,"href":"https:\/\/berliner-kellerrunde.de\/index.php?rest_route=%2Fwp%2Fv2%2Ftags&post=1110"}],"curies":[{"name":"wp","href":"https:\/\/api.w.org\/{rel}","templated":true}]}}